{"id":19766,"date":"2026-02-09T07:36:16","date_gmt":"2026-02-09T07:36:16","guid":{"rendered":"https:\/\/sas-trinec.cz\/?p=19766"},"modified":"2026-02-09T07:37:11","modified_gmt":"2026-02-09T07:37:11","slug":"specializovane-zeleznicni-vozy-pro-prepravu-panvi-2-2","status":"publish","type":"post","link":"https:\/\/sas-trinec.cz\/en\/specializovane-zeleznicni-vozy-pro-prepravu-panvi-2-2\/","title":{"rendered":"SaS T\u0159inec Supports Young Tradespeople"},"content":{"rendered":"\t\t<div data-elementor-type=\"wp-post\" data-elementor-id=\"19766\" class=\"elementor elementor-19766\">\n\t\t\t\t        <section class=\"elementor-section elementor-top-section elementor-element elementor-element-2ead50 elementor-section-boxed elementor-section-height-default elementor-section-height-default ct-header-fixed-none ct-column-none ct-row-scroll-none ct-row-gradient--none ct-row-container--default\" data-id=\"2ead50\" data-element_type=\"section\" data-e-type=\"section\">\n            \n                        <div class=\"elementor-container elementor-column-gap-extended \">\n                    <div class=\"elementor-column elementor-col-100 elementor-top-column elementor-element elementor-element-54a84633 ct-column-none col-offset-none\" data-id=\"54a84633\" data-element_type=\"column\" data-e-type=\"column\">\n        <div class=\"elementor-widget-wrap elementor-element-populated\">\n                    \n        \t\t<div class=\"elementor-element elementor-element-c92e1d5 elementor-widget elementor-widget-ct_text_editor\" data-id=\"c92e1d5\" data-element_type=\"widget\" data-e-type=\"widget\" data-widget_type=\"ct_text_editor.default\">\n\t\t\t\t<div class=\"elementor-widget-container\">\n\t\t\t\t\t<div id=\"ct_text_editor-c92e1d5\" class=\"ct-text-editor \" data-wow-delay=\"ms\">\n\t<div class=\"ct-inline-css\"  data-css=\"\n        \t\t\">\n\n    <\/div>\n\t<div class=\"ct-text-editor-inner elementor-clearfix\">\n\t\t<p data-start=\"81\" data-end=\"471\">Last Friday, on November 28, 2025, representatives of SaS T\u0159inec took part in the celebrations of the 75th anniversary of the Zesp\u00f3\u0142 Szk\u00f3\u0142 Technicznych in Ustro\u0144. With the ceremonial signing of an agreement, a patron class for the locksmith trade was established. The document was signed by the school\u2019s headmistress, Mgr. Katarzyna Ka\u0142u\u017ca, and the Director of SaS T\u0159inec, Marian Czy\u017c, MBA.<\/p><p data-start=\"473\" data-end=\"775\">Thanks to the new class, students will gain practical experience directly at the company, naturally linking theoretical knowledge from school with real-world practice. Until now, the company has cooperated with the mechanical engineering program and supported education in the field of steel machining.<\/p><p data-start=\"777\" data-end=\"1063\">\u201cCooperation with technical schools is a natural way for us to develop young talent and support the local labor market,\u201d says a representative of SaS T\u0159inec. \u201cStudents will learn practical skills needed for the locksmith profession and will be better prepared for their future careers.\u201d<\/p><p data-start=\"1065\" data-end=\"1263\">The jubilee celebrations also highlighted the school\u2019s long-standing contribution to the development of technical education in the region and the importance of its partnerships with local companies.<\/p><p><strong>\u00a0<\/strong><\/p>\t\t\n\t<\/div>\n<\/div>\t\t\t\t<\/div>\n\t\t\t\t<\/div>\n\t\t            <\/div>\n        <\/div>\n                    <\/div>\n        <\/section>\n        \t\t<\/div>\n\t\t","protected":false},"excerpt":{"rendered":"<p>SaS T\u0159inec podporuje mlad\u00e9 \u0159emesln\u00edky \u2013 nov\u00e1 patron\u00e1tn\u00ed t\u0159\u00edda v Ustroniu<br \/>\nMinul\u00fd p\u00e1tek, 28. listopadu 2025, se z\u00e1stupci firmy SaS T\u0159inec z\u00fa\u010dastnili oslav 75. v\u00fdro\u010d\u00ed Zesp\u00f3\u0142u Szk\u00f3\u0142 Technicznych v Ustroni. Slavnostn\u00edm podpisem smlouvy vznikla patron\u00e1tn\u00ed t\u0159\u00edda pro obor z\u00e1me\u010dn\u00edk. Dokument podepsali \u0159editelka \u0161koly Mgr. Katarzyna Ka\u0142u\u017ca a \u0159editel SaS T\u0159inec Marian Czy\u017e, MBA.<br \/>\nD\u00edky nov\u00e9 t\u0159\u00edd\u011b budou \u017e\u00e1ci z\u00edsk\u00e1vat praktick\u00e9 zku\u0161enosti p\u0159\u00edmo ve firm\u011b, \u010d\u00edm\u017e se teoretick\u00e9 znalosti ze \u0161koly p\u0159irozen\u011b propoj\u00ed s re\u00e1lnou prax\u00ed. Dosud firma spolupracovala s oborem mechanik a podporovala vzd\u011bl\u00e1v\u00e1n\u00ed v oblasti obr\u00e1b\u011bn\u00ed oceli.<br \/>\n\u201eSpolupr\u00e1ce s technick\u00fdmi \u0161kolami je pro n\u00e1s p\u0159irozenou cestou, jak rozv\u00edjet mlad\u00e9 talenty a podporovat m\u00edstn\u00ed trh pr\u00e1ce,\u201c \u0159\u00edk\u00e1 z\u00e1stupce SaS T\u0159inec. \u201e\u017d\u00e1ci se nau\u010d\u00ed praktick\u00e9 dovednosti pot\u0159ebn\u00e9 pro povol\u00e1n\u00ed z\u00e1me\u010dn\u00edka a l\u00e9pe se p\u0159iprav\u00ed na svou budouc\u00ed kari\u00e9ru.\u201c<br \/>\nJubilejn\u00ed oslavy z\u00e1rove\u0148 p\u0159ipomn\u011bly dlouholet\u00fd p\u0159\u00ednos \u0161koly k rozvoji technick\u00e9ho vzd\u011bl\u00e1v\u00e1n\u00ed v regionu a v\u00fdznam jej\u00edho partnerstv\u00ed s m\u00edstn\u00edmi firmami.<\/p>\n","protected":false},"author":7,"featured_media":19685,"comment_status":"closed","ping_status":"closed","sticky":false,"template":"","format":"standard","meta":{"footnotes":""},"categories":[51],"tags":[],"class_list":["post-19766","post","type-post","status-publish","format-standard","has-post-thumbnail","hentry","category-uncategorized"],"_links":{"self":[{"href":"https:\/\/sas-trinec.cz\/en\/wp-json\/wp\/v2\/posts\/19766","targetHints":{"allow":["GET"]}}],"collection":[{"href":"https:\/\/sas-trinec.cz\/en\/wp-json\/wp\/v2\/posts"}],"about":[{"href":"https:\/\/sas-trinec.cz\/en\/wp-json\/wp\/v2\/types\/post"}],"author":[{"embeddable":true,"href":"https:\/\/sas-trinec.cz\/en\/wp-json\/wp\/v2\/users\/7"}],"replies":[{"embeddable":true,"href":"https:\/\/sas-trinec.cz\/en\/wp-json\/wp\/v2\/comments?post=19766"}],"version-history":[{"count":4,"href":"https:\/\/sas-trinec.cz\/en\/wp-json\/wp\/v2\/posts\/19766\/revisions"}],"predecessor-version":[{"id":19770,"href":"https:\/\/sas-trinec.cz\/en\/wp-json\/wp\/v2\/posts\/19766\/revisions\/19770"}],"wp:featuredmedia":[{"embeddable":true,"href":"https:\/\/sas-trinec.cz\/en\/wp-json\/wp\/v2\/media\/19685"}],"wp:attachment":[{"href":"https:\/\/sas-trinec.cz\/en\/wp-json\/wp\/v2\/media?parent=19766"}],"wp:term":[{"taxonomy":"category","embeddable":true,"href":"https:\/\/sas-trinec.cz\/en\/wp-json\/wp\/v2\/categories?post=19766"},{"taxonomy":"post_tag","embeddable":true,"href":"https:\/\/sas-trinec.cz\/en\/wp-json\/wp\/v2\/tags?post=19766"}],"curies":[{"name":"wp","href":"https:\/\/api.w.org\/{rel}","templated":true}]}}